[{"@context":"https:\/\/schema.org\/","@type":"Article","@id":"https:\/\/www.michnov.cz\/budte-prvni-nez-se-to-rozkrikne\/#Article","mainEntityOfPage":"https:\/\/www.michnov.cz\/budte-prvni-nez-se-to-rozkrikne\/","headline":"Bu\u010fte prvn\u00ed, ne\u017e se to rozk\u0159ikne","name":"Bu\u010fte prvn\u00ed, ne\u017e se to rozk\u0159ikne","description":"Pedagog mus\u00ed b\u00fdt v\u017edycky a za ka\u017ed\u00fdch okolnost\u00ed kreativn\u00ed, samoz\u0159ejm\u011b krom\u011b jin\u00fdch vlastnost\u00ed. Ale dar kreativity d\u00e1v\u00e1 pedagogovi mo\u017enost zaujmout sv\u00e9 \u017e\u00e1ky http:\/\/specou.cz\/ a p\u0159edat jim znalosti a dovednosti, t\u0159eba i oklikou. Pou\u017eijte netradi\u010dn\u00ed pom\u016fcky V\u011b\u0159te, nebo ne, ale oby\u010dejn\u00e1 krej\u010dovsk\u00e1 panna dok\u00e1\u017ee ve \u0161koln\u00edm prost\u0159ed\u00ed divy. Jasn\u011b, \u017ee se \u017e\u00e1ci za\u010dnou zaj\u00edmat o docela &hellip; ","datePublished":"2018-11-27","dateModified":"2023-06-09","author":{"@type":"Person","@id":"https:\/\/www.michnov.cz\/author\/#Person","name":"","url":"https:\/\/www.michnov.cz\/author\/","identifier":1,"image":{"@type":"ImageObject","@id":"https:\/\/secure.gravatar.com\/avatar\/7726f7b8e3ba8979c4cf2ad896cb2e8cc05af8ceb17ce4fb40617b72e0be53b4?s=96&d=mm&r=g","url":"https:\/\/secure.gravatar.com\/avatar\/7726f7b8e3ba8979c4cf2ad896cb2e8cc05af8ceb17ce4fb40617b72e0be53b4?s=96&d=mm&r=g","height":96,"width":96}},"publisher":{"@type":"Organization","name":"michnov.cz","logo":{"@type":"ImageObject","@id":"\/logo.png","url":"\/logo.png","width":600,"height":60}},"image":{"@type":"ImageObject","@id":"https:\/\/www.michnov.cz\/wp-content\/uploads\/img_a330951_w1710_t1543396052.jpg","url":"https:\/\/www.michnov.cz\/wp-content\/uploads\/img_a330951_w1710_t1543396052.jpg","height":0,"width":0},"url":"https:\/\/www.michnov.cz\/budte-prvni-nez-se-to-rozkrikne\/","about":["Kultura"],"wordCount":434,"articleBody":"       Pedagog mus\u00ed b\u00fdt v\u017edycky a za ka\u017ed\u00fdch okolnost\u00ed kreativn\u00ed, samoz\u0159ejm\u011b krom\u011b jin\u00fdch vlastnost\u00ed. Ale dar kreativity d\u00e1v\u00e1 pedagogovi mo\u017enost zaujmout sv\u00e9 \u017e\u00e1ky  http:\/\/specou.cz\/ a p\u0159edat jim znalosti a dovednosti, t\u0159eba i oklikou.Pou\u017eijte netradi\u010dn\u00ed pom\u016fcky V\u011b\u0159te, nebo ne, ale oby\u010dejn\u00e1 krej\u010dovsk\u00e1 panna dok\u00e1\u017ee ve \u0161koln\u00edm prost\u0159ed\u00ed divy. Jasn\u011b, \u017ee se \u017e\u00e1ci za\u010dnou zaj\u00edmat o docela jin\u00e9 v\u011bci, ne\u017e maj\u00ed, kdy\u017e ji poprv\u00e9 uvid\u00ed. Ale s t\u00edm zku\u0161en\u00fd a empatick\u00fd pedagog po\u010d\u00edt\u00e1 a je p\u0159ipraven odvr\u00e1tit i malou k\u00e1ze\u0148skou pohromu. Podstatn\u00e9 je, \u017ee je to n\u011bco nov\u00e9ho a \u017e\u00e1ci jsou, jako houba, kter\u00e1 nas\u00e1v\u00e1 vodu. Jsou toti\u017e zv\u011bdav\u00ed, pro\u010d ji ta u\u010ditelka p\u0159inesla? Pokud se bl\u00ed\u017e\u00ed v\u00e1no\u010dn\u00ed v\u00fdstava, kterou pr\u00e1v\u011b Vy m\u00e1te na starosti, ur\u010dit\u011b s krej\u010dovskou pannou usp\u011bjete nejen u \u017e\u00e1k\u016f, ale tak\u00e9 u n\u00e1v\u0161t\u011bvn\u00edk\u016f v\u00fdstavy. V r\u00e1mci pracovn\u00edch \u010dinnost\u00ed a v\u00fdtvarn\u00e9 v\u00fdchovy budete m\u00edt ur\u010dit\u011b dost \u010dasu podn\u00edtit sv\u00e9 \u017e\u00e1ky k fantazii a kreativit\u011b, kter\u00e1 je v nich skryt\u00e1! A nakonec zjist\u00edte, \u017ee i manu\u00e1ln\u00ed zru\u010dnost \u017e\u00e1k\u016f nezamrzla u dovednosti zav\u00e1zat si tkani\u010dku u bot! Dejte jim prostor, a\u0165 svou krej\u010dovskou pannu oble\u010dou do sv\u00e1te\u010dn\u00edho od\u011bvu, kter\u00fd by se mohl objevit u v\u00e1no\u010dn\u00edho stromku. A tro\u0161ku jim jejich n\u00e1pady mus\u00edte zt\u00ed\u017eit. A\u0165 vyberou materi\u00e1ly, kter\u00e9 jsou dostupn\u00e9 pouze v kabinetu v\u00fdtvarn\u00e9 v\u00fdchovy a pracovn\u00edch \u010dinnost\u00ed! To se jim jejich hlavinky p\u011bkn\u011b zava\u0159\u00ed! V\u0161ak uvid\u00edte!V\u00fdhodou je jejich \u017eivotnostKvalitn\u00ed krej\u010dovsk\u00e9 panny maj\u00ed obrovskou v\u00fdhodu, \u017ee se daj\u00ed rozmanit\u011b obl\u00e9kat po cel\u00fd \u0161koln\u00ed rok. \u017de se hned tak nerozbij\u00ed. A \u017e\u00e1ci se budou t\u011b\u0161it na to, a\u017e je budou obl\u00e9kat podle ro\u010dn\u00edch obdob\u00ed. Nebo vymysl\u00ed projekt, kdy budou mezi sebou sout\u011b\u017eit na r\u016fzn\u00e1 t\u00e9mata spojen\u00e1 pr\u00e1v\u011b s n\u00ed. Ne\u0159\u00edkejte, \u017ee V\u00e1s samotn\u00e9 neza\u010d\u00ednaj\u00ed napadat my\u0161lenky, jak jejich p\u0159\u00edtomnost ve \u0161koln\u00edm prost\u0159ed\u00ed vyu\u017e\u00edt! To byste snad ani nebyli pedagogov\u00e9 na sv\u00fdch m\u00edstech! Nen\u00ed to snad skv\u011bl\u00fd n\u00e1pad pro v\u00fduku v\u00fdtvarn\u00e9 v\u00fdchovy a pracovn\u00edch \u010dinnost\u00ed? To v\u00edte, \u017ee je. Bu\u010fte tedy mezi prvn\u00edmi, kdo existenci krej\u010dovsk\u00e9 panny vyu\u017eije trochu jinak!                                                                                                                                                                                                                                                                                                                                                                                          4.5\/5 - (12 votes)        "},{"@context":"https:\/\/schema.org\/","@type":"BreadcrumbList","itemListElement":[{"@type":"ListItem","position":1,"name":"Bu\u010fte prvn\u00ed, ne\u017e se to rozk\u0159ikne","item":"https:\/\/www.michnov.cz\/budte-prvni-nez-se-to-rozkrikne\/#breadcrumbitem"}]}]