[{"@context":"https:\/\/schema.org\/","@type":"Article","@id":"https:\/\/www.michnov.cz\/moderni-klimatizace-je-v-lete-vyhrou\/#Article","mainEntityOfPage":"https:\/\/www.michnov.cz\/moderni-klimatizace-je-v-lete-vyhrou\/","headline":"Modern\u00ed klimatizace je v l\u00e9t\u011b v\u00fdhrou","name":"Modern\u00ed klimatizace je v l\u00e9t\u011b v\u00fdhrou","description":"Klimatizace je za\u0159\u00edzen\u00ed, kter\u00e9 se dost\u00e1v\u00e1 do st\u00e1le v\u011bt\u0161\u00edho mno\u017estv\u00ed dom\u00e1cnost\u00ed. Jedn\u00e1 se toti\u017e o b\u00e1je\u010dnou mo\u017enost, jak zp\u0159\u00edjemnit pob\u00fdv\u00e1n\u00ed v interi\u00e9ru v hork\u00fdch letn\u00edch dnech. Pokud byste si p\u0159\u00e1li n\u011bjak\u00e9 vylep\u0161en\u00ed, pak nev\u00e1hejte a pod\u00edvejte se do prodeje klimatizace. Ten v\u00e1s m\u016f\u017ee zaujmout v\u0161emi sv\u00fdmi produkty, mezi kter\u00fdmi najdete jak z\u00e1kladn\u00ed produkty, tak skute\u010dn\u00e9 &hellip; ","datePublished":"2017-07-03","dateModified":"2017-07-03","author":{"@type":"Person","@id":"https:\/\/www.michnov.cz\/author\/#Person","name":"","url":"https:\/\/www.michnov.cz\/author\/","identifier":1,"image":{"@type":"ImageObject","@id":"https:\/\/secure.gravatar.com\/avatar\/7726f7b8e3ba8979c4cf2ad896cb2e8cc05af8ceb17ce4fb40617b72e0be53b4?s=96&d=mm&r=g","url":"https:\/\/secure.gravatar.com\/avatar\/7726f7b8e3ba8979c4cf2ad896cb2e8cc05af8ceb17ce4fb40617b72e0be53b4?s=96&d=mm&r=g","height":96,"width":96}},"publisher":{"@type":"Organization","name":"michnov.cz","logo":{"@type":"ImageObject","@id":"\/logo.png","url":"\/logo.png","width":600,"height":60}},"image":{"@type":"ImageObject","@id":"https:\/\/www.michnov.cz\/wp-content\/uploads\/img_a296775_w2155_t1507636093.jpg","url":"https:\/\/www.michnov.cz\/wp-content\/uploads\/img_a296775_w2155_t1507636093.jpg","height":0,"width":0},"url":"https:\/\/www.michnov.cz\/moderni-klimatizace-je-v-lete-vyhrou\/","about":["Produkty"],"wordCount":399,"articleBody":"          Klimatizace je za\u0159\u00edzen\u00ed, kter\u00e9 se dost\u00e1v\u00e1 do st\u00e1le v\u011bt\u0161\u00edho mno\u017estv\u00ed dom\u00e1cnost\u00ed. Jedn\u00e1 se toti\u017e o b\u00e1je\u010dnou mo\u017enost, jak zp\u0159\u00edjemnit pob\u00fdv\u00e1n\u00ed v interi\u00e9ru v hork\u00fdch letn\u00edch dnech. Pokud byste si p\u0159\u00e1li n\u011bjak\u00e9 vylep\u0161en\u00ed, pak nev\u00e1hejte a pod\u00edvejte se do prodeje klimatizace. Ten v\u00e1s m\u016f\u017ee zaujmout v\u0161emi sv\u00fdmi produkty, mezi kter\u00fdmi najdete jak z\u00e1kladn\u00ed produkty, tak skute\u010dn\u00e9 skvosty, kter\u00e9 stoj\u00ed za investici. Nebojte se a zainvestujte do tohoto za\u0159\u00edzen\u00ed, kter\u00e9 zm\u011bn\u00ed va\u0161e pocity z domova. Pro\u010d zainvestovat do vzduchotechniky?  &#8211; Hork\u00e9 letn\u00ed dny nebudou p\u0159ek\u00e1\u017ekou &#8211; M\u016f\u017eete m\u00edt v interi\u00e9ru \u010derstv\u00fd vzduch i bez v\u011btr\u00e1n\u00ed &#8211; V p\u0159\u00edpad\u011b pokro\u010dil\u00fdch za\u0159\u00edzen\u00ed m\u016f\u017eete i p\u0159it\u00e1p\u011bt Zakoupit si tohle za\u0159\u00edzen\u00ed a zp\u0159\u00edjemnit si tak sv\u016fj pobyt v dom\u00e1cnosti je velmi jednoduch\u00e9. Nebojte se u\u010dinit rozhodnut\u00ed, kter\u00e9ho nebudete litovat, a poznejte pravou podstatu t\u011bchto klimatizac\u00ed. Lid\u00e9, kte\u0159\u00ed se nebudou b\u00e1t investice, z\u00edskaj\u00ed mo\u017enost vyzkou\u0161et, co v\u0161echno tato za\u0159\u00edzen\u00ed nab\u00edz\u00ed. Pr\u00e1v\u011b proto byste se m\u011bli za\u0159adit mezi osoby, kter\u00e9 se t\u011bchto za\u0159\u00edzen\u00ed neboj\u00ed, a poznat tak v\u00fdhody tohoto za\u0159\u00edzen\u00ed v tom nejlep\u0161\u00edm sv\u011btle. Profesion\u00e1ln\u00ed mont\u00e1\u017e je podm\u00ednkou Ur\u010dit\u011b nechcete, aby tohle za\u0159\u00edzen\u00ed m\u011blo n\u011bjakou poruchu nebo fungovalo jinak, nem\u011bli byste se sna\u017eit \u0161et\u0159it, ale m\u011bli byste vyu\u017e\u00edt odbornou mont\u00e1\u017e. D\u00edky t\u00e9 budete m\u00edt ve\u0161ker\u00e9 pohodl\u00ed, nebo\u0165 nebudete muset \u0159e\u0161it ani samotnou mont\u00e1\u017e, ani uveden\u00ed do provozu a zkr\u00e1tka nic dal\u0161\u00edho. Pouze si budete u\u017e\u00edvat funkce tohoto b\u00e1je\u010dn\u00e9ho za\u0159\u00edzen\u00ed, kter\u00e9 jsou v\u00e1m nyn\u00ed nadosah. Pr\u00e1v\u011b proto se rozhodn\u011bte pro konkr\u00e9tn\u00ed za\u0159\u00edzen\u00ed, nechejte si jej namontovat a n\u00e1sledn\u011b ji nic nebude br\u00e1nit tomu, abyste tohle za\u0159\u00edzen\u00ed vyu\u017e\u00edvali naplno, a to se v\u0161emi jeho funkcemi. M\u00edt mo\u017enost ovlivnit teplotu je zkr\u00e1tka skv\u011bl\u00e9 Klimatizace zm\u011bn\u00ed v\u00e1\u0161 dosavadn\u00ed \u017eivot ve va\u0161em domov\u011b. Pr\u00e1v\u011b proto se nen\u00ed \u010deho ob\u00e1vat, ale m\u011bli byste se postarat o to, aby tato zm\u011bna byla pouze pozitivn\u00ed.                                                                                                                                                                                                                                                                                                                                                                                          4.2\/5 - (5 votes)        "},{"@context":"https:\/\/schema.org\/","@type":"BreadcrumbList","itemListElement":[{"@type":"ListItem","position":1,"name":"Modern\u00ed klimatizace je v l\u00e9t\u011b v\u00fdhrou","item":"https:\/\/www.michnov.cz\/moderni-klimatizace-je-v-lete-vyhrou\/#breadcrumbitem"}]}]