[{"@context":"https:\/\/schema.org\/","@type":"Article","@id":"https:\/\/www.michnov.cz\/virivka-praha\/#Article","mainEntityOfPage":"https:\/\/www.michnov.cz\/virivka-praha\/","headline":"V\u00ed\u0159ivka Praha","name":"V\u00ed\u0159ivka Praha","description":"Va\u0161i rodi\u010de V\u00e1m tvrd\u00ed, \u017ee necht\u011bj\u00ed \u017e\u00e1dn\u00e9 d\u00e1rky k narozenin\u00e1m ani k v\u00e1noc\u016fm. Dle jejich slov v\u0161echno maj\u00ed. Je to pravda, v\u0161echny pot\u0159eby v\u0161edn\u00edch dn\u016f ji\u017e skute\u010dn\u011b maj\u00ed vy\u0159e\u0161en\u00e9, knihy v jejich v\u011bku sp\u00ed\u0161e rozd\u00e1vaj\u00ed. Co s t\u00edm? Skute\u010dn\u011b vysly\u0161et jejich p\u0159\u00e1n\u00ed a ned\u00e1vat jim nic? Co t\u0159eba darovat jim z\u00e1\u017eitek v podob\u011b v\u00ed\u0159ivka Praha? &hellip; ","datePublished":"2025-04-28","dateModified":"2025-04-28","author":{"@type":"Person","@id":"https:\/\/www.michnov.cz\/author\/#Person","name":"","url":"https:\/\/www.michnov.cz\/author\/","identifier":1,"image":{"@type":"ImageObject","@id":"https:\/\/secure.gravatar.com\/avatar\/7726f7b8e3ba8979c4cf2ad896cb2e8cc05af8ceb17ce4fb40617b72e0be53b4?s=96&d=mm&r=g","url":"https:\/\/secure.gravatar.com\/avatar\/7726f7b8e3ba8979c4cf2ad896cb2e8cc05af8ceb17ce4fb40617b72e0be53b4?s=96&d=mm&r=g","height":96,"width":96}},"publisher":{"@type":"Organization","name":"michnov.cz","logo":{"@type":"ImageObject","@id":"\/logo.png","url":"\/logo.png","width":600,"height":60}},"url":"https:\/\/www.michnov.cz\/virivka-praha\/","wordCount":225,"articleBody":"Va\u0161i rodi\u010de V\u00e1m tvrd\u00ed, \u017ee necht\u011bj\u00ed \u017e\u00e1dn\u00e9 d\u00e1rky k narozenin\u00e1m ani k v\u00e1noc\u016fm. Dle jejich slov v\u0161echno maj\u00ed. Je to pravda, v\u0161echny pot\u0159eby v\u0161edn\u00edch dn\u016f ji\u017e skute\u010dn\u011b maj\u00ed vy\u0159e\u0161en\u00e9, knihy v jejich v\u011bku sp\u00ed\u0161e rozd\u00e1vaj\u00ed. Co s t\u00edm? Skute\u010dn\u011b vysly\u0161et jejich p\u0159\u00e1n\u00ed a ned\u00e1vat jim nic? Co t\u0159eba darovat jim z\u00e1\u017eitek v podob\u011b v\u00ed\u0159ivka Praha? Je pochopiteln\u00e9, \u017ee lid\u00e9 v\u011bt\u0161inou p\u0159\u00edli\u0161 nestoj\u00ed o d\u00e1rky v podob\u011b vonn\u00fdch sv\u00ed\u010dek \u010di drobn\u00fdch so\u0161ek, jsou \u010dasto nelichotiv\u011b p\u0159ezd\u00edv\u00e1ny lapa\u010de prachu. Jsou to d\u00e1rky neu\u017eite\u010dn\u00e9, kter\u00e9 pak po cel\u00e1 l\u00e9ta kdesi stoj\u00ed a obdarovan\u00fdm je hloup\u00e9 je vyhodit. D\u00e1te-li jim kr\u00e1sn\u00fd relax v podob\u011b v\u00ed\u0159ivka Praha, uvid\u00edte, \u017ee i Va\u0161i rodi\u010de d\u00e1rky dost\u00e1vaj\u00ed r\u00e1di. Nap\u0159esrok znovu Mo\u017en\u00e1 V\u00e1s p\u0159\u00ed\u0161t\u00ed rok p\u0159ekvap\u00ed sv\u00fdm dopisem Je\u017e\u00ed\u0161kovi, kde si budou ps\u00e1t o dal\u0161\u00ed poukaz na n\u00e1v\u0161t\u011bvu v\u00ed\u0159ivka Praha, kter\u00e1 jim sv\u00fdm kouzlem p\u0159i prvn\u00ed n\u00e1v\u0161t\u011bv\u011b doslova u\u010darovala. Uvid\u00edte, \u017ee budou nad\u0161eni a jejich psychick\u00e9 pohod\u011b to velmi prosp\u011bje.                                                                                                                                                                                                                                                                                                                                                                                                "},{"@context":"https:\/\/schema.org\/","@type":"BreadcrumbList","itemListElement":[{"@type":"ListItem","position":1,"name":"V\u00ed\u0159ivka Praha","item":"https:\/\/www.michnov.cz\/virivka-praha\/#breadcrumbitem"}]}]